{"id":482,"date":"2025-04-17T15:14:01","date_gmt":"2025-04-17T13:14:01","guid":{"rendered":"https:\/\/www.phmprods.com\/prod\/?p=482"},"modified":"2025-04-17T22:50:56","modified_gmt":"2025-04-17T20:50:56","slug":"architectures-patrimoine-lithique-du-pilat-01-2024","status":"publish","type":"post","link":"https:\/\/www.phmprods.com\/prod\/architectures-patrimoine-lithique-du-pilat-01-2024\/","title":{"rendered":"Architectures &#038; Patrimoine lithique du Pilat &#8211; 01 &#8211; 2024"},"content":{"rendered":"<p>Depuis 4 ans, je suis avec passion une \u00e9quipe d\u00e9vou\u00e9e \u00e0 la protection du patrimoine dans le parc naturel du Pilat (42). Petite association d&#8217;environ 80 membres, &#8220;Des pierres et des Hommes&#8221; a pour objectif et but de prospecter,<\/p>\n<p><!--more-->inventorier, relever et analyser tout ce qui est lithique dans cette myst\u00e9rieuse montagne. Mon r\u00f4le est de suivre et mettre en avant leur aventure et \u00e9volution.<\/p>\n<p><img loading=\"lazy\" class=\"alignnone wp-image-473\" src=\"http:\/\/www.phmprods.com\/prod\/wp-content\/uploads\/2025\/04\/logodpdh-300x300.png\" alt=\"\" width=\"125\" height=\"125\" srcset=\"https:\/\/www.phmprods.com\/prod\/wp-content\/uploads\/2025\/04\/logodpdh-300x300.png 300w, https:\/\/www.phmprods.com\/prod\/wp-content\/uploads\/2025\/04\/logodpdh-1024x1024.png 1024w, https:\/\/www.phmprods.com\/prod\/wp-content\/uploads\/2025\/04\/logodpdh-150x150.png 150w, https:\/\/www.phmprods.com\/prod\/wp-content\/uploads\/2025\/04\/logodpdh-768x768.png 768w, https:\/\/www.phmprods.com\/prod\/wp-content\/uploads\/2025\/04\/logodpdh-1536x1536.png 1536w, https:\/\/www.phmprods.com\/prod\/wp-content\/uploads\/2025\/04\/logodpdh-2048x2048.png 2048w, https:\/\/www.phmprods.com\/prod\/wp-content\/uploads\/2025\/04\/logodpdh-100x100.png 100w, https:\/\/www.phmprods.com\/prod\/wp-content\/uploads\/2025\/04\/logodpdh-1320x1320.png 1320w\" sizes=\"(max-width: 125px) 100vw, 125px\" \/><\/p>\n<p><iframe loading=\"lazy\" title=\"Architectures &amp; Patrimoine lithique du Pilat  Ep - 01 -  2024\" width=\"525\" height=\"295\" src=\"https:\/\/www.youtube.com\/embed\/0VEfz8v7-QU?feature=oembed\" frameborder=\"0\" allow=\"accelerometer; autoplay; clipboard-write; encrypted-media; gyroscope; picture-in-picture; web-share\" referrerpolicy=\"strict-origin-when-cross-origin\" allowfullscreen><\/iframe><\/p>\n","protected":false},"excerpt":{"rendered":"<p>Depuis 4 ans, je suis avec passion une \u00e9quipe d\u00e9vou\u00e9e \u00e0 la protection du patrimoine dans le parc naturel du Pilat (42). Petite association d&#8217;environ 80 membres, &#8220;Des pierres et des Hommes&#8221; a pour objectif et but de prospecter,<\/p>\n","protected":false},"author":2,"featured_media":0,"comment_status":"open","ping_status":"open","sticky":false,"template":"","format":"standard","meta":[],"categories":[7],"tags":[],"_links":{"self":[{"href":"https:\/\/www.phmprods.com\/prod\/wp-json\/wp\/v2\/posts\/482"}],"collection":[{"href":"https:\/\/www.phmprods.com\/prod\/wp-json\/wp\/v2\/posts"}],"about":[{"href":"https:\/\/www.phmprods.com\/prod\/wp-json\/wp\/v2\/types\/post"}],"author":[{"embeddable":true,"href":"https:\/\/www.phmprods.com\/prod\/wp-json\/wp\/v2\/users\/2"}],"replies":[{"embeddable":true,"href":"https:\/\/www.phmprods.com\/prod\/wp-json\/wp\/v2\/comments?post=482"}],"version-history":[{"count":3,"href":"https:\/\/www.phmprods.com\/prod\/wp-json\/wp\/v2\/posts\/482\/revisions"}],"predecessor-version":[{"id":496,"href":"https:\/\/www.phmprods.com\/prod\/wp-json\/wp\/v2\/posts\/482\/revisions\/496"}],"wp:attachment":[{"href":"https:\/\/www.phmprods.com\/prod\/wp-json\/wp\/v2\/media?parent=482"}],"wp:term":[{"taxonomy":"category","embeddable":true,"href":"https:\/\/www.phmprods.com\/prod\/wp-json\/wp\/v2\/categories?post=482"},{"taxonomy":"post_tag","embeddable":true,"href":"https:\/\/www.phmprods.com\/prod\/wp-json\/wp\/v2\/tags?post=482"}],"curies":[{"name":"wp","href":"https:\/\/api.w.org\/{rel}","templated":true}]}}